{"id":6738,"date":"2026-05-21T08:53:23","date_gmt":"2026-05-21T06:53:23","guid":{"rendered":"https:\/\/www.septembremusical.ch\/?p=6738"},"modified":"2026-05-21T08:57:49","modified_gmt":"2026-05-21T06:57:49","slug":"die-chaplins-world-gala-am-13-september-2026-wurde-verschoben","status":"publish","type":"post","link":"https:\/\/www.septembremusical.ch\/de\/die-chaplins-world-gala-am-13-september-2026-wurde-verschoben\/","title":{"rendered":"Die Chaplin\u2019s World Gala am 13. September 2026 wurde verschoben"},"content":{"rendered":"<div class=\"the-content\"><p>Aus organisatorischen Gr\u00fcnden sieht sich das Festival Septembre Musical Montreux-Vevey gezwungen, das Chaplin\u2019s World Gala, das urspr\u00fcnglich f\u00fcr Sonntag, den 13. September 2026 im Auditorium Stravinski in Montreux geplant war, auf einen sp\u00e4teren Zeitpunkt zu verschieben.<\/p>\n<p>Diese mit Bedauern getroffene Entscheidung betrifft ausschlie\u00dflich dieses Konzert. Die Tickets werden erstattet oder umgetauscht, und die Ticketinhaber werden so bald wie m\u00f6glich direkt vom Festival kontaktiert.<\/p>\n<p>Alle anderen Konzerte dieser 80. Ausgabe finden wie geplant statt. Sie erfreuen sich bereits einer sehr positiven Resonanz beim Publikum, was die Begeisterung f\u00fcr dieses Jubil\u00e4umsprogramm best\u00e4tigt.<\/p>\n<\/div>","protected":false},"excerpt":{"rendered":"<p>Aus organisatorischen Gr\u00fcnden sieht sich das Festival Septembre Musical Montreux-Vevey gezwungen, das Chaplin\u2019s World Gala, das urspr\u00fcnglich f\u00fcr Sonntag, den 13. September 2026 im Auditorium Stravinski in Montreux geplant war, auf einen sp\u00e4teren Zeitpunkt zu verschieben. Diese mit Bedauern getroffene Entscheidung betrifft ausschlie\u00dflich dieses Konzert. Die Tickets werden erstattet oder umgetauscht, und die Ticketinhaber werden [&hellip;]<\/p>\n","protected":false},"author":4,"featured_media":0,"comment_status":"closed","ping_status":"closed","sticky":false,"template":"","format":"standard","meta":{"_acf_changed":false,"_searchwp_excluded":"","inline_featured_image":false,"footnotes":""},"categories":[22],"tags":[],"class_list":["post-6738","post","type-post","status-publish","format-standard","hentry","category-unkategorisiert"],"acf":[],"yoast_head":"<!-- This site is optimized with the Yoast SEO Premium plugin v28.4 (Yoast SEO v28.4) - https:\/\/yoast.com\/product\/yoast-seo-premium-wordpress\/ -->\n<title>Die Chaplin\u2019s World Gala am 13. September 2026 wurde verschoben - Septembre Musical<\/title>\n<meta name=\"description\" content=\"Aus organisatorischen Gr\u00fcnden sieht sich das Festival Septembre Musical Montreux-Vevey gezwungen, das Chaplin&#039;s World Gala, das urspr\u00fcnglich f\u00fcr Sonntag,\" \/>\n<meta name=\"robots\" content=\"index, follow, max-snippet:-1, max-image-preview:large, max-video-preview:-1\" \/>\n<link rel=\"canonical\" href=\"https:\/\/www.septembremusical.ch\/de\/die-chaplins-world-gala-am-13-september-2026-wurde-verschoben\/\" \/>\n<meta property=\"og:locale\" content=\"de_CH\" \/>\n<meta property=\"og:type\" content=\"article\" \/>\n<meta property=\"og:title\" content=\"Die Chaplin\u2019s World Gala am 13. September 2026 wurde verschoben\" \/>\n<meta property=\"og:description\" content=\"Aus organisatorischen Gr\u00fcnden sieht sich das Festival Septembre Musical Montreux-Vevey gezwungen, das Chaplin&#039;s World Gala, das urspr\u00fcnglich f\u00fcr Sonntag,\" \/>\n<meta property=\"og:url\" content=\"https:\/\/www.septembremusical.ch\/de\/die-chaplins-world-gala-am-13-september-2026-wurde-verschoben\/\" \/>\n<meta property=\"og:site_name\" content=\"Septembre Musical\" \/>\n<meta property=\"article:publisher\" content=\"https:\/\/www.facebook.com\/septmus\/\" \/>\n<meta property=\"article:published_time\" content=\"2026-05-21T06:53:23+00:00\" \/>\n<meta property=\"article:modified_time\" content=\"2026-05-21T06:57:49+00:00\" \/>\n<meta name=\"author\" content=\"Yvonne Braun\" \/>\n<meta name=\"twitter:card\" content=\"summary_large_image\" \/>\n<script type=\"application\/ld+json\" class=\"yoast-schema-graph\">{\"@context\":\"https:\\\/\\\/schema.org\",\"@graph\":[{\"@type\":\"NewsArticle\",\"@id\":\"https:\\\/\\\/www.septembremusical.ch\\\/de\\\/die-chaplins-world-gala-am-13-september-2026-wurde-verschoben\\\/#article\",\"isPartOf\":{\"@id\":\"https:\\\/\\\/www.septembremusical.ch\\\/de\\\/die-chaplins-world-gala-am-13-september-2026-wurde-verschoben\\\/\"},\"author\":{\"name\":\"Yvonne Braun\",\"@id\":\"https:\\\/\\\/www.septembremusical.ch\\\/de\\\/#\\\/schema\\\/person\\\/e99323a64b524b78fd942ab3670f88f1\"},\"headline\":\"Die Chaplin\u2019s World Gala am 13. September 2026 wurde verschoben\",\"datePublished\":\"2026-05-21T06:53:23+00:00\",\"dateModified\":\"2026-05-21T06:57:49+00:00\",\"mainEntityOfPage\":{\"@id\":\"https:\\\/\\\/www.septembremusical.ch\\\/de\\\/die-chaplins-world-gala-am-13-september-2026-wurde-verschoben\\\/\"},\"wordCount\":106,\"publisher\":{\"@id\":\"https:\\\/\\\/www.septembremusical.ch\\\/de\\\/#organization\"},\"articleSection\":[\"Unkategorisiert\"],\"inLanguage\":\"de\"},{\"@type\":\"WebPage\",\"@id\":\"https:\\\/\\\/www.septembremusical.ch\\\/de\\\/die-chaplins-world-gala-am-13-september-2026-wurde-verschoben\\\/\",\"url\":\"https:\\\/\\\/www.septembremusical.ch\\\/de\\\/die-chaplins-world-gala-am-13-september-2026-wurde-verschoben\\\/\",\"name\":\"Die Chaplin\u2019s World Gala am 13. September 2026 wurde verschoben - Septembre Musical\",\"isPartOf\":{\"@id\":\"https:\\\/\\\/www.septembremusical.ch\\\/de\\\/#website\"},\"datePublished\":\"2026-05-21T06:53:23+00:00\",\"dateModified\":\"2026-05-21T06:57:49+00:00\",\"description\":\"Aus organisatorischen Gr\u00fcnden sieht sich das Festival Septembre Musical Montreux-Vevey gezwungen, das Chaplin's World Gala, das urspr\u00fcnglich f\u00fcr Sonntag,\",\"breadcrumb\":{\"@id\":\"https:\\\/\\\/www.septembremusical.ch\\\/de\\\/die-chaplins-world-gala-am-13-september-2026-wurde-verschoben\\\/#breadcrumb\"},\"inLanguage\":\"de\",\"potentialAction\":[{\"@type\":\"ReadAction\",\"target\":[\"https:\\\/\\\/www.septembremusical.ch\\\/de\\\/die-chaplins-world-gala-am-13-september-2026-wurde-verschoben\\\/\"]}]},{\"@type\":\"BreadcrumbList\",\"@id\":\"https:\\\/\\\/www.septembremusical.ch\\\/de\\\/die-chaplins-world-gala-am-13-september-2026-wurde-verschoben\\\/#breadcrumb\",\"itemListElement\":[{\"@type\":\"ListItem\",\"position\":1,\"name\":\"Accueil\",\"item\":\"https:\\\/\\\/www.septembremusical.ch\\\/de\\\/\"},{\"@type\":\"ListItem\",\"position\":2,\"name\":\"Die Chaplin\u2019s World Gala am 13. September 2026 wurde verschoben\"}]},{\"@type\":\"WebSite\",\"@id\":\"https:\\\/\\\/www.septembremusical.ch\\\/de\\\/#website\",\"url\":\"https:\\\/\\\/www.septembremusical.ch\\\/de\\\/\",\"name\":\"Septembre Musical - Festival de musique classique en Suisse\",\"description\":\"\",\"publisher\":{\"@id\":\"https:\\\/\\\/www.septembremusical.ch\\\/de\\\/#organization\"},\"potentialAction\":[{\"@type\":\"SearchAction\",\"target\":{\"@type\":\"EntryPoint\",\"urlTemplate\":\"https:\\\/\\\/www.septembremusical.ch\\\/de\\\/?s={search_term_string}\"},\"query-input\":{\"@type\":\"PropertyValueSpecification\",\"valueRequired\":true,\"valueName\":\"search_term_string\"}}],\"inLanguage\":\"de\"},{\"@type\":\"Organization\",\"@id\":\"https:\\\/\\\/www.septembremusical.ch\\\/de\\\/#organization\",\"name\":\"Septembre Musical\",\"url\":\"https:\\\/\\\/www.septembremusical.ch\\\/de\\\/\",\"logo\":{\"@type\":\"ImageObject\",\"inLanguage\":\"de\",\"@id\":\"https:\\\/\\\/www.septembremusical.ch\\\/de\\\/#\\\/schema\\\/logo\\\/image\\\/\",\"url\":\"https:\\\/\\\/www.septembremusical.ch\\\/wp-content\\\/uploads\\\/2025\\\/12\\\/logo.svg\",\"contentUrl\":\"https:\\\/\\\/www.septembremusical.ch\\\/wp-content\\\/uploads\\\/2025\\\/12\\\/logo.svg\",\"caption\":\"Septembre Musical\"},\"image\":{\"@id\":\"https:\\\/\\\/www.septembremusical.ch\\\/de\\\/#\\\/schema\\\/logo\\\/image\\\/\"},\"sameAs\":[\"https:\\\/\\\/www.facebook.com\\\/septmus\\\/\",\"https:\\\/\\\/www.instagram.com\\\/septembremusical\\\/\",\"https:\\\/\\\/www.linkedin.com\\\/company\\\/septembre-musical\\\/\",\"https:\\\/\\\/www.youtube.com\\\/channel\\\/UCIMYgBp7KIFi-6TytkeiLEg\"],\"legalName\":\"Fondation Septembre Musical Montreux-Vevey\",\"contactPoint\":[{\"@type\":\"ContactPoint\",\"contactType\":\"customer service\",\"telephone\":\"+41 21 962 80 00\",\"email\":\"info@septembremusical.ch\",\"availableLanguage\":[\"French\",\"English\",\"German\"]},{\"@type\":\"ContactPoint\",\"contactType\":\"reservations\",\"telephone\":\"+41 21 962 80 05\",\"email\":\"billetterie@septembremusical.ch\",\"availableLanguage\":[\"French\",\"English\",\"German\"]}],\"address\":{\"@type\":\"PostalAddress\",\"addressCountry\":\"CH\",\"addressRegion\":\"VD\"}},{\"@type\":\"Person\",\"@id\":\"https:\\\/\\\/www.septembremusical.ch\\\/de\\\/#\\\/schema\\\/person\\\/e99323a64b524b78fd942ab3670f88f1\",\"name\":\"Yvonne Braun\"}]}<\/script>\n<!-- \/ Yoast SEO Premium plugin. -->","yoast_head_json":{"title":"Die Chaplin\u2019s World Gala am 13. September 2026 wurde verschoben - Septembre Musical","description":"Aus organisatorischen Gr\u00fcnden sieht sich das Festival Septembre Musical Montreux-Vevey gezwungen, das Chaplin's World Gala, das urspr\u00fcnglich f\u00fcr Sonntag,","robots":{"index":"index","follow":"follow","max-snippet":"max-snippet:-1","max-image-preview":"max-image-preview:large","max-video-preview":"max-video-preview:-1"},"canonical":"https:\/\/www.septembremusical.ch\/de\/die-chaplins-world-gala-am-13-september-2026-wurde-verschoben\/","og_locale":"de_CH","og_type":"article","og_title":"Die Chaplin\u2019s World Gala am 13. September 2026 wurde verschoben","og_description":"Aus organisatorischen Gr\u00fcnden sieht sich das Festival Septembre Musical Montreux-Vevey gezwungen, das Chaplin's World Gala, das urspr\u00fcnglich f\u00fcr Sonntag,","og_url":"https:\/\/www.septembremusical.ch\/de\/die-chaplins-world-gala-am-13-september-2026-wurde-verschoben\/","og_site_name":"Septembre Musical","article_publisher":"https:\/\/www.facebook.com\/septmus\/","article_published_time":"2026-05-21T06:53:23+00:00","article_modified_time":"2026-05-21T06:57:49+00:00","author":"Yvonne Braun","twitter_card":"summary_large_image","schema":{"@context":"https:\/\/schema.org","@graph":[{"@type":"NewsArticle","@id":"https:\/\/www.septembremusical.ch\/de\/die-chaplins-world-gala-am-13-september-2026-wurde-verschoben\/#article","isPartOf":{"@id":"https:\/\/www.septembremusical.ch\/de\/die-chaplins-world-gala-am-13-september-2026-wurde-verschoben\/"},"author":{"name":"Yvonne Braun","@id":"https:\/\/www.septembremusical.ch\/de\/#\/schema\/person\/e99323a64b524b78fd942ab3670f88f1"},"headline":"Die Chaplin\u2019s World Gala am 13. September 2026 wurde verschoben","datePublished":"2026-05-21T06:53:23+00:00","dateModified":"2026-05-21T06:57:49+00:00","mainEntityOfPage":{"@id":"https:\/\/www.septembremusical.ch\/de\/die-chaplins-world-gala-am-13-september-2026-wurde-verschoben\/"},"wordCount":106,"publisher":{"@id":"https:\/\/www.septembremusical.ch\/de\/#organization"},"articleSection":["Unkategorisiert"],"inLanguage":"de"},{"@type":"WebPage","@id":"https:\/\/www.septembremusical.ch\/de\/die-chaplins-world-gala-am-13-september-2026-wurde-verschoben\/","url":"https:\/\/www.septembremusical.ch\/de\/die-chaplins-world-gala-am-13-september-2026-wurde-verschoben\/","name":"Die Chaplin\u2019s World Gala am 13. September 2026 wurde verschoben - Septembre Musical","isPartOf":{"@id":"https:\/\/www.septembremusical.ch\/de\/#website"},"datePublished":"2026-05-21T06:53:23+00:00","dateModified":"2026-05-21T06:57:49+00:00","description":"Aus organisatorischen Gr\u00fcnden sieht sich das Festival Septembre Musical Montreux-Vevey gezwungen, das Chaplin's World Gala, das urspr\u00fcnglich f\u00fcr Sonntag,","breadcrumb":{"@id":"https:\/\/www.septembremusical.ch\/de\/die-chaplins-world-gala-am-13-september-2026-wurde-verschoben\/#breadcrumb"},"inLanguage":"de","potentialAction":[{"@type":"ReadAction","target":["https:\/\/www.septembremusical.ch\/de\/die-chaplins-world-gala-am-13-september-2026-wurde-verschoben\/"]}]},{"@type":"BreadcrumbList","@id":"https:\/\/www.septembremusical.ch\/de\/die-chaplins-world-gala-am-13-september-2026-wurde-verschoben\/#breadcrumb","itemListElement":[{"@type":"ListItem","position":1,"name":"Accueil","item":"https:\/\/www.septembremusical.ch\/de\/"},{"@type":"ListItem","position":2,"name":"Die Chaplin\u2019s World Gala am 13. September 2026 wurde verschoben"}]},{"@type":"WebSite","@id":"https:\/\/www.septembremusical.ch\/de\/#website","url":"https:\/\/www.septembremusical.ch\/de\/","name":"Septembre Musical - Festival de musique classique en Suisse","description":"","publisher":{"@id":"https:\/\/www.septembremusical.ch\/de\/#organization"},"potentialAction":[{"@type":"SearchAction","target":{"@type":"EntryPoint","urlTemplate":"https:\/\/www.septembremusical.ch\/de\/?s={search_term_string}"},"query-input":{"@type":"PropertyValueSpecification","valueRequired":true,"valueName":"search_term_string"}}],"inLanguage":"de"},{"@type":"Organization","@id":"https:\/\/www.septembremusical.ch\/de\/#organization","name":"Septembre Musical","url":"https:\/\/www.septembremusical.ch\/de\/","logo":{"@type":"ImageObject","inLanguage":"de","@id":"https:\/\/www.septembremusical.ch\/de\/#\/schema\/logo\/image\/","url":"https:\/\/www.septembremusical.ch\/wp-content\/uploads\/2025\/12\/logo.svg","contentUrl":"https:\/\/www.septembremusical.ch\/wp-content\/uploads\/2025\/12\/logo.svg","caption":"Septembre Musical"},"image":{"@id":"https:\/\/www.septembremusical.ch\/de\/#\/schema\/logo\/image\/"},"sameAs":["https:\/\/www.facebook.com\/septmus\/","https:\/\/www.instagram.com\/septembremusical\/","https:\/\/www.linkedin.com\/company\/septembre-musical\/","https:\/\/www.youtube.com\/channel\/UCIMYgBp7KIFi-6TytkeiLEg"],"legalName":"Fondation Septembre Musical Montreux-Vevey","contactPoint":[{"@type":"ContactPoint","contactType":"customer service","telephone":"+41 21 962 80 00","email":"info@septembremusical.ch","availableLanguage":["French","English","German"]},{"@type":"ContactPoint","contactType":"reservations","telephone":"+41 21 962 80 05","email":"billetterie@septembremusical.ch","availableLanguage":["French","English","German"]}],"address":{"@type":"PostalAddress","addressCountry":"CH","addressRegion":"VD"}},{"@type":"Person","@id":"https:\/\/www.septembremusical.ch\/de\/#\/schema\/person\/e99323a64b524b78fd942ab3670f88f1","name":"Yvonne Braun"}]}},"_links":{"self":[{"href":"https:\/\/www.septembremusical.ch\/de\/wp-json\/wp\/v2\/posts\/6738","targetHints":{"allow":["GET"]}}],"collection":[{"href":"https:\/\/www.septembremusical.ch\/de\/wp-json\/wp\/v2\/posts"}],"about":[{"href":"https:\/\/www.septembremusical.ch\/de\/wp-json\/wp\/v2\/types\/post"}],"author":[{"embeddable":true,"href":"https:\/\/www.septembremusical.ch\/de\/wp-json\/wp\/v2\/users\/4"}],"replies":[{"embeddable":true,"href":"https:\/\/www.septembremusical.ch\/de\/wp-json\/wp\/v2\/comments?post=6738"}],"version-history":[{"count":0,"href":"https:\/\/www.septembremusical.ch\/de\/wp-json\/wp\/v2\/posts\/6738\/revisions"}],"wp:attachment":[{"href":"https:\/\/www.septembremusical.ch\/de\/wp-json\/wp\/v2\/media?parent=6738"}],"wp:term":[{"taxonomy":"category","embeddable":true,"href":"https:\/\/www.septembremusical.ch\/de\/wp-json\/wp\/v2\/categories?post=6738"},{"taxonomy":"post_tag","embeddable":true,"href":"https:\/\/www.septembremusical.ch\/de\/wp-json\/wp\/v2\/tags?post=6738"}],"curies":[{"name":"wp","href":"https:\/\/api.w.org\/{rel}","templated":true}]}}