{"id":3940,"date":"2022-03-23T16:29:43","date_gmt":"2022-03-23T15:29:43","guid":{"rendered":"https:\/\/www.septembremusical.ch\/la-76e-edition-honore-lautriche-et-son-patrimoine-musical\/"},"modified":"2026-02-18T11:08:18","modified_gmt":"2026-02-18T10:08:18","slug":"die-76-ausgabe-ehrt-oesterreich-und-sein-musikalisches-erbe","status":"publish","type":"post","link":"https:\/\/www.septembremusical.ch\/de\/die-76-ausgabe-ehrt-oesterreich-und-sein-musikalisches-erbe\/","title":{"rendered":"Die 76. Ausgabe ehrt \u00d6sterreich und sein musikalisches Erbe"},"content":{"rendered":"<div class=\"the-content\"><p>\u00abVom 19. bis 29. September r\u00fcckt das Septembre Musical Montreux-Vevey \u00d6sterreich in den Mittelpunkt, die Heimat von Bruckner, Haydn, Mozart, Schubert und Strauss \u2013 Komponisten, die es verstanden, die Sch\u00f6nheit mit den Mitteln der Musik zu zelebrieren. Wir holen Weltklasse-Ensembles wie die Wiener Symphoniker, die Camerata Salzburg, die Wiener S\u00e4ngerknaben und das Bruckner Orchester Linz auf die B\u00fchne. Aber auch aufstrebende junge Talente wie Julia Hagen und Emmanuel Tjeknavorian sowie Virtuosinnen und Virtuosen, die mit Darbietungen in anderen musikalischen Gattungen brillieren werden \u2013 von Klezmer bis zur typisch wienerischen Schrammelmusik\u00bb, so der Direktor des Festivals Septembre Musical Montreux-Vevey, Mischa Damev. Vier renommierte Veranstaltungsorte werden bespielt: das Auditorium Stravinski in Montreux, das ch\u00e2teau de Chillon in Veytaux, der temple Saint-Martin und das H\u00f4tel des Trois Couronnes, beides in Vevey.<\/p>\n<p>Dieser Geist der Offenheit wird auch an mehreren kostenlosen Veranstaltungen \u00abausserhalb der Mauern\u00bb sp\u00fcrbar sein, die haupts\u00e4chlich auf Familien und Jugendliche der Waadtl\u00e4nder Riviera ausgerichtet sind. Das kostenlose Programm des Festivals wird diesen Sommer bekannt gegeben.<\/p>\n<p>\u00abDie Covid-19-Krise hat uns die wichtige soziale Funktion der Kultur vor Augen gef\u00fchrt. Das Festival muss daher unbedingt sein Publikum mobilisieren und die Lust aufs Ausgehen wecken. Gleichzeitig sieht es das Septembre Musical mehr denn je als seine Pflicht, Plattformen zur Kulturvermittlung f\u00fcr junge Menschen zu bieten. Ja, es ist an der Zeit, wieder im Rhythmus der Klangwellen zu tr\u00e4umen!\u00bb, erkl\u00e4rt Mischa Damev.<\/p>\n<div class=\"video-consent-wrapper\"><iframe title=\"La 76e \u00e9dition du Septembre Musical honore l\u2019Autriche et son patrimoine musical\" width=\"500\" height=\"281\" data-src=\"https:\/\/www.youtube.com\/embed\/xKEk09Q5_oc?start=1&amp;feature=oembed\" frameborder=\"0\" allow=\"accelerometer; autoplay; clipboard-write; encrypted-media; gyroscope; picture-in-picture; web-share\" referrerpolicy=\"strict-origin-when-cross-origin\" allowfullscreen data-cookieconsent=\"marketing\"><\/iframe>\n<div class=\"video-consent-placeholder\">\n<p>Bitte akzeptieren Sie die Marketing-Cookies, um dieses Video anzusehen.<\/p>\n<p><button type=\"button\" onclick=\"Cookiebot.renew()\">Cookies verwalten<\/button><\/p><\/div>\n<\/div>\n<\/div>","protected":false},"excerpt":{"rendered":"<p>\u00abVom 19. bis 29. September r\u00fcckt das Septembre Musical Montreux-Vevey \u00d6sterreich in den Mittelpunkt, die Heimat von Bruckner, Haydn, Mozart, Schubert und Strauss \u2013 Komponisten, die es verstanden, die Sch\u00f6nheit mit den Mitteln der Musik zu zelebrieren. Wir holen Weltklasse-Ensembles wie die Wiener Symphoniker, die Camerata Salzburg, die Wiener S\u00e4ngerknaben und das Bruckner Orchester Linz [&hellip;]<\/p>\n","protected":false},"author":1,"featured_media":0,"comment_status":"closed","ping_status":"closed","sticky":false,"template":"","format":"standard","meta":{"_acf_changed":false,"_searchwp_excluded":"","inline_featured_image":false,"footnotes":""},"categories":[22],"tags":[],"class_list":["post-3940","post","type-post","status-publish","format-standard","hentry","category-unkategorisiert"],"acf":[],"yoast_head":"<!-- This site is optimized with the Yoast SEO Premium plugin v28.4 (Yoast SEO v28.4) - https:\/\/yoast.com\/product\/yoast-seo-premium-wordpress\/ -->\n<title>76. Ausgabe ehrt \u00d6sterreich musikalisch - Septembre Musical<\/title>\n<meta name=\"description\" content=\"Vom 19.-29. September feiert das Septembre Musical Montreux-Vevey \u00d6sterreichs musikalisches Erbe mit Wiener Symphonikern und Salzburger Camerata.\" \/>\n<meta name=\"robots\" content=\"index, follow, max-snippet:-1, max-image-preview:large, max-video-preview:-1\" \/>\n<link rel=\"canonical\" href=\"https:\/\/www.septembremusical.ch\/de\/die-76-ausgabe-ehrt-oesterreich-und-sein-musikalisches-erbe\/\" \/>\n<meta property=\"og:locale\" content=\"de_CH\" \/>\n<meta property=\"og:type\" content=\"article\" \/>\n<meta property=\"og:title\" content=\"Das Septembre Musical ehrt \u00d6sterreichs musikalisches Erbe in seiner 76. Ausgabe\" \/>\n<meta property=\"og:description\" content=\"Erleben Sie vom 19.-29. September Weltklasse-Ensembles wie die Wiener Symphoniker und Wiener S\u00e4ngerknaben in Montreux-Vevey. Eine Hommage an Mozart, Schubert &amp; Co.\" \/>\n<meta property=\"og:url\" content=\"https:\/\/www.septembremusical.ch\/de\/die-76-ausgabe-ehrt-oesterreich-und-sein-musikalisches-erbe\/\" \/>\n<meta property=\"og:site_name\" content=\"Septembre Musical\" \/>\n<meta property=\"article:publisher\" content=\"https:\/\/www.facebook.com\/septmus\/\" \/>\n<meta property=\"article:published_time\" content=\"2022-03-23T15:29:43+00:00\" \/>\n<meta property=\"article:modified_time\" content=\"2026-02-18T10:08:18+00:00\" \/>\n<meta property=\"og:image\" content=\"https:\/\/www.septembremusical.ch\/wp-content\/uploads\/2026\/01\/1757933289-5353.jpg\" \/>\n<meta name=\"author\" content=\"ergopix\" \/>\n<meta name=\"twitter:card\" content=\"summary_large_image\" \/>\n<meta name=\"twitter:title\" content=\"Die 76. Ausgabe ehrt \u00d6sterreich und sein musikalisches Erbe\" \/>\n<script type=\"application\/ld+json\" class=\"yoast-schema-graph\">{\"@context\":\"https:\\\/\\\/schema.org\",\"@graph\":[{\"@type\":\"NewsArticle\",\"@id\":\"https:\\\/\\\/www.septembremusical.ch\\\/de\\\/die-76-ausgabe-ehrt-oesterreich-und-sein-musikalisches-erbe\\\/#article\",\"isPartOf\":{\"@id\":\"https:\\\/\\\/www.septembremusical.ch\\\/de\\\/die-76-ausgabe-ehrt-oesterreich-und-sein-musikalisches-erbe\\\/\"},\"author\":{\"name\":\"ergopix\",\"@id\":\"https:\\\/\\\/www.septembremusical.ch\\\/de\\\/#\\\/schema\\\/person\\\/2d486d5fb5fbeda27827a66fd026dff6\"},\"headline\":\"Die 76. Ausgabe ehrt \u00d6sterreich und sein musikalisches Erbe\",\"datePublished\":\"2022-03-23T15:29:43+00:00\",\"dateModified\":\"2026-02-18T10:08:18+00:00\",\"mainEntityOfPage\":{\"@id\":\"https:\\\/\\\/www.septembremusical.ch\\\/de\\\/die-76-ausgabe-ehrt-oesterreich-und-sein-musikalisches-erbe\\\/\"},\"wordCount\":258,\"publisher\":{\"@id\":\"https:\\\/\\\/www.septembremusical.ch\\\/de\\\/#organization\"},\"articleSection\":[\"Unkategorisiert\"],\"inLanguage\":\"de\"},{\"@type\":\"WebPage\",\"@id\":\"https:\\\/\\\/www.septembremusical.ch\\\/de\\\/die-76-ausgabe-ehrt-oesterreich-und-sein-musikalisches-erbe\\\/\",\"url\":\"https:\\\/\\\/www.septembremusical.ch\\\/de\\\/die-76-ausgabe-ehrt-oesterreich-und-sein-musikalisches-erbe\\\/\",\"name\":\"76. Ausgabe ehrt \u00d6sterreich musikalisch - Septembre Musical\",\"isPartOf\":{\"@id\":\"https:\\\/\\\/www.septembremusical.ch\\\/de\\\/#website\"},\"datePublished\":\"2022-03-23T15:29:43+00:00\",\"dateModified\":\"2026-02-18T10:08:18+00:00\",\"description\":\"Vom 19.-29. September feiert das Septembre Musical Montreux-Vevey \u00d6sterreichs musikalisches Erbe mit Wiener Symphonikern und Salzburger Camerata.\",\"breadcrumb\":{\"@id\":\"https:\\\/\\\/www.septembremusical.ch\\\/de\\\/die-76-ausgabe-ehrt-oesterreich-und-sein-musikalisches-erbe\\\/#breadcrumb\"},\"inLanguage\":\"de\",\"potentialAction\":[{\"@type\":\"ReadAction\",\"target\":[\"https:\\\/\\\/www.septembremusical.ch\\\/de\\\/die-76-ausgabe-ehrt-oesterreich-und-sein-musikalisches-erbe\\\/\"]}]},{\"@type\":\"BreadcrumbList\",\"@id\":\"https:\\\/\\\/www.septembremusical.ch\\\/de\\\/die-76-ausgabe-ehrt-oesterreich-und-sein-musikalisches-erbe\\\/#breadcrumb\",\"itemListElement\":[{\"@type\":\"ListItem\",\"position\":1,\"name\":\"Accueil\",\"item\":\"https:\\\/\\\/www.septembremusical.ch\\\/de\\\/\"},{\"@type\":\"ListItem\",\"position\":2,\"name\":\"Die 76. Ausgabe ehrt \u00d6sterreich und sein musikalisches Erbe\"}]},{\"@type\":\"WebSite\",\"@id\":\"https:\\\/\\\/www.septembremusical.ch\\\/de\\\/#website\",\"url\":\"https:\\\/\\\/www.septembremusical.ch\\\/de\\\/\",\"name\":\"Septembre Musical - Festival de musique classique en Suisse\",\"description\":\"\",\"publisher\":{\"@id\":\"https:\\\/\\\/www.septembremusical.ch\\\/de\\\/#organization\"},\"potentialAction\":[{\"@type\":\"SearchAction\",\"target\":{\"@type\":\"EntryPoint\",\"urlTemplate\":\"https:\\\/\\\/www.septembremusical.ch\\\/de\\\/?s={search_term_string}\"},\"query-input\":{\"@type\":\"PropertyValueSpecification\",\"valueRequired\":true,\"valueName\":\"search_term_string\"}}],\"inLanguage\":\"de\"},{\"@type\":\"Organization\",\"@id\":\"https:\\\/\\\/www.septembremusical.ch\\\/de\\\/#organization\",\"name\":\"Septembre Musical\",\"url\":\"https:\\\/\\\/www.septembremusical.ch\\\/de\\\/\",\"logo\":{\"@type\":\"ImageObject\",\"inLanguage\":\"de\",\"@id\":\"https:\\\/\\\/www.septembremusical.ch\\\/de\\\/#\\\/schema\\\/logo\\\/image\\\/\",\"url\":\"https:\\\/\\\/www.septembremusical.ch\\\/wp-content\\\/uploads\\\/2025\\\/12\\\/logo.svg\",\"contentUrl\":\"https:\\\/\\\/www.septembremusical.ch\\\/wp-content\\\/uploads\\\/2025\\\/12\\\/logo.svg\",\"caption\":\"Septembre Musical\"},\"image\":{\"@id\":\"https:\\\/\\\/www.septembremusical.ch\\\/de\\\/#\\\/schema\\\/logo\\\/image\\\/\"},\"sameAs\":[\"https:\\\/\\\/www.facebook.com\\\/septmus\\\/\",\"https:\\\/\\\/www.instagram.com\\\/septembremusical\\\/\",\"https:\\\/\\\/www.linkedin.com\\\/company\\\/septembre-musical\\\/\",\"https:\\\/\\\/www.youtube.com\\\/channel\\\/UCIMYgBp7KIFi-6TytkeiLEg\"],\"legalName\":\"Fondation Septembre Musical Montreux-Vevey\",\"contactPoint\":[{\"@type\":\"ContactPoint\",\"contactType\":\"customer service\",\"telephone\":\"+41 21 962 80 00\",\"email\":\"info@septembremusical.ch\",\"availableLanguage\":[\"French\",\"English\",\"German\"]},{\"@type\":\"ContactPoint\",\"contactType\":\"reservations\",\"telephone\":\"+41 21 962 80 05\",\"email\":\"billetterie@septembremusical.ch\",\"availableLanguage\":[\"French\",\"English\",\"German\"]}],\"address\":{\"@type\":\"PostalAddress\",\"addressCountry\":\"CH\",\"addressRegion\":\"VD\"}},{\"@type\":\"Person\",\"@id\":\"https:\\\/\\\/www.septembremusical.ch\\\/de\\\/#\\\/schema\\\/person\\\/2d486d5fb5fbeda27827a66fd026dff6\",\"name\":\"ergopix\"}]}<\/script>\n<!-- \/ Yoast SEO Premium plugin. -->","yoast_head_json":{"title":"76. Ausgabe ehrt \u00d6sterreich musikalisch - Septembre Musical","description":"Vom 19.-29. September feiert das Septembre Musical Montreux-Vevey \u00d6sterreichs musikalisches Erbe mit Wiener Symphonikern und Salzburger Camerata.","robots":{"index":"index","follow":"follow","max-snippet":"max-snippet:-1","max-image-preview":"max-image-preview:large","max-video-preview":"max-video-preview:-1"},"canonical":"https:\/\/www.septembremusical.ch\/de\/die-76-ausgabe-ehrt-oesterreich-und-sein-musikalisches-erbe\/","og_locale":"de_CH","og_type":"article","og_title":"Das Septembre Musical ehrt \u00d6sterreichs musikalisches Erbe in seiner 76. Ausgabe","og_description":"Erleben Sie vom 19.-29. September Weltklasse-Ensembles wie die Wiener Symphoniker und Wiener S\u00e4ngerknaben in Montreux-Vevey. Eine Hommage an Mozart, Schubert & Co.","og_url":"https:\/\/www.septembremusical.ch\/de\/die-76-ausgabe-ehrt-oesterreich-und-sein-musikalisches-erbe\/","og_site_name":"Septembre Musical","article_publisher":"https:\/\/www.facebook.com\/septmus\/","article_published_time":"2022-03-23T15:29:43+00:00","article_modified_time":"2026-02-18T10:08:18+00:00","og_image":[{"url":"https:\/\/www.septembremusical.ch\/wp-content\/uploads\/2026\/01\/1757933289-5353.jpg","type":"","width":"","height":""}],"author":"ergopix","twitter_card":"summary_large_image","twitter_title":"Die 76. Ausgabe ehrt \u00d6sterreich und sein musikalisches Erbe","schema":{"@context":"https:\/\/schema.org","@graph":[{"@type":"NewsArticle","@id":"https:\/\/www.septembremusical.ch\/de\/die-76-ausgabe-ehrt-oesterreich-und-sein-musikalisches-erbe\/#article","isPartOf":{"@id":"https:\/\/www.septembremusical.ch\/de\/die-76-ausgabe-ehrt-oesterreich-und-sein-musikalisches-erbe\/"},"author":{"name":"ergopix","@id":"https:\/\/www.septembremusical.ch\/de\/#\/schema\/person\/2d486d5fb5fbeda27827a66fd026dff6"},"headline":"Die 76. Ausgabe ehrt \u00d6sterreich und sein musikalisches Erbe","datePublished":"2022-03-23T15:29:43+00:00","dateModified":"2026-02-18T10:08:18+00:00","mainEntityOfPage":{"@id":"https:\/\/www.septembremusical.ch\/de\/die-76-ausgabe-ehrt-oesterreich-und-sein-musikalisches-erbe\/"},"wordCount":258,"publisher":{"@id":"https:\/\/www.septembremusical.ch\/de\/#organization"},"articleSection":["Unkategorisiert"],"inLanguage":"de"},{"@type":"WebPage","@id":"https:\/\/www.septembremusical.ch\/de\/die-76-ausgabe-ehrt-oesterreich-und-sein-musikalisches-erbe\/","url":"https:\/\/www.septembremusical.ch\/de\/die-76-ausgabe-ehrt-oesterreich-und-sein-musikalisches-erbe\/","name":"76. Ausgabe ehrt \u00d6sterreich musikalisch - Septembre Musical","isPartOf":{"@id":"https:\/\/www.septembremusical.ch\/de\/#website"},"datePublished":"2022-03-23T15:29:43+00:00","dateModified":"2026-02-18T10:08:18+00:00","description":"Vom 19.-29. September feiert das Septembre Musical Montreux-Vevey \u00d6sterreichs musikalisches Erbe mit Wiener Symphonikern und Salzburger Camerata.","breadcrumb":{"@id":"https:\/\/www.septembremusical.ch\/de\/die-76-ausgabe-ehrt-oesterreich-und-sein-musikalisches-erbe\/#breadcrumb"},"inLanguage":"de","potentialAction":[{"@type":"ReadAction","target":["https:\/\/www.septembremusical.ch\/de\/die-76-ausgabe-ehrt-oesterreich-und-sein-musikalisches-erbe\/"]}]},{"@type":"BreadcrumbList","@id":"https:\/\/www.septembremusical.ch\/de\/die-76-ausgabe-ehrt-oesterreich-und-sein-musikalisches-erbe\/#breadcrumb","itemListElement":[{"@type":"ListItem","position":1,"name":"Accueil","item":"https:\/\/www.septembremusical.ch\/de\/"},{"@type":"ListItem","position":2,"name":"Die 76. Ausgabe ehrt \u00d6sterreich und sein musikalisches Erbe"}]},{"@type":"WebSite","@id":"https:\/\/www.septembremusical.ch\/de\/#website","url":"https:\/\/www.septembremusical.ch\/de\/","name":"Septembre Musical - Festival de musique classique en Suisse","description":"","publisher":{"@id":"https:\/\/www.septembremusical.ch\/de\/#organization"},"potentialAction":[{"@type":"SearchAction","target":{"@type":"EntryPoint","urlTemplate":"https:\/\/www.septembremusical.ch\/de\/?s={search_term_string}"},"query-input":{"@type":"PropertyValueSpecification","valueRequired":true,"valueName":"search_term_string"}}],"inLanguage":"de"},{"@type":"Organization","@id":"https:\/\/www.septembremusical.ch\/de\/#organization","name":"Septembre Musical","url":"https:\/\/www.septembremusical.ch\/de\/","logo":{"@type":"ImageObject","inLanguage":"de","@id":"https:\/\/www.septembremusical.ch\/de\/#\/schema\/logo\/image\/","url":"https:\/\/www.septembremusical.ch\/wp-content\/uploads\/2025\/12\/logo.svg","contentUrl":"https:\/\/www.septembremusical.ch\/wp-content\/uploads\/2025\/12\/logo.svg","caption":"Septembre Musical"},"image":{"@id":"https:\/\/www.septembremusical.ch\/de\/#\/schema\/logo\/image\/"},"sameAs":["https:\/\/www.facebook.com\/septmus\/","https:\/\/www.instagram.com\/septembremusical\/","https:\/\/www.linkedin.com\/company\/septembre-musical\/","https:\/\/www.youtube.com\/channel\/UCIMYgBp7KIFi-6TytkeiLEg"],"legalName":"Fondation Septembre Musical Montreux-Vevey","contactPoint":[{"@type":"ContactPoint","contactType":"customer service","telephone":"+41 21 962 80 00","email":"info@septembremusical.ch","availableLanguage":["French","English","German"]},{"@type":"ContactPoint","contactType":"reservations","telephone":"+41 21 962 80 05","email":"billetterie@septembremusical.ch","availableLanguage":["French","English","German"]}],"address":{"@type":"PostalAddress","addressCountry":"CH","addressRegion":"VD"}},{"@type":"Person","@id":"https:\/\/www.septembremusical.ch\/de\/#\/schema\/person\/2d486d5fb5fbeda27827a66fd026dff6","name":"ergopix"}]}},"_links":{"self":[{"href":"https:\/\/www.septembremusical.ch\/de\/wp-json\/wp\/v2\/posts\/3940","targetHints":{"allow":["GET"]}}],"collection":[{"href":"https:\/\/www.septembremusical.ch\/de\/wp-json\/wp\/v2\/posts"}],"about":[{"href":"https:\/\/www.septembremusical.ch\/de\/wp-json\/wp\/v2\/types\/post"}],"author":[{"embeddable":true,"href":"https:\/\/www.septembremusical.ch\/de\/wp-json\/wp\/v2\/users\/1"}],"replies":[{"embeddable":true,"href":"https:\/\/www.septembremusical.ch\/de\/wp-json\/wp\/v2\/comments?post=3940"}],"version-history":[{"count":0,"href":"https:\/\/www.septembremusical.ch\/de\/wp-json\/wp\/v2\/posts\/3940\/revisions"}],"wp:attachment":[{"href":"https:\/\/www.septembremusical.ch\/de\/wp-json\/wp\/v2\/media?parent=3940"}],"wp:term":[{"taxonomy":"category","embeddable":true,"href":"https:\/\/www.septembremusical.ch\/de\/wp-json\/wp\/v2\/categories?post=3940"},{"taxonomy":"post_tag","embeddable":true,"href":"https:\/\/www.septembremusical.ch\/de\/wp-json\/wp\/v2\/tags?post=3940"}],"curies":[{"name":"wp","href":"https:\/\/api.w.org\/{rel}","templated":true}]}}